{"id":8,"date":"2012-06-16T22:19:23","date_gmt":"2012-06-17T01:19:23","guid":{"rendered":"http:\/\/localhost\/sindscoce.org.br\/novo\/wordpress\/index.php\/2012\/06\/16\/contribuicao\/"},"modified":"2012-06-16T22:19:23","modified_gmt":"2012-06-17T01:19:23","slug":"contribuicao","status":"publish","type":"post","link":"https:\/\/sindscoce.org.br\/?p=8","title":{"rendered":"Contribui\u00e7\u00e3o"},"content":{"rendered":"<p class=\"MsoNormal\" style=\"margin: 0cm 0cm 0pt;\"><span style=\"font-family: Verdana,Arial,Helvetica,sans-serif; font-size: xx-small;\"><span style=\"font-size: 10pt; font-family: Arial;\">Contribui\u00e7\u00e3o<\/span><\/span><\/p>\n<p class=\"MsoNormal\" style=\"margin: 0cm 0cm 0pt;\"><span style=\"font-family: Verdana,Arial,Helvetica,sans-serif; font-size: xx-small;\"><span style=\"font-size: 10pt; font-family: Arial;\"><br \/><\/span><\/span><\/p>\n<p class=\"MsoNormal\" style=\"margin: 0cm 0cm 0pt;\"><span style=\"font-family: Verdana,Arial,Helvetica,sans-serif; font-size: xx-small;\"><span style=\"font-size: 10pt; font-family: Arial;\">CONTRIBUI\u00c7\u00d5ES SINDICAIS (GRCS, Assistencial e Mensal)<\/span><\/span><\/p>\n<p><span style=\"font-family: Verdana,Arial,Helvetica,sans-serif; font-size: xx-small;\"> <\/span><\/p>\n<p class=\"MsoNormal\" style=\"margin: 0cm 0cm 0pt;\"><span style=\"font-size: 10pt; font-family: Arial;\"> <\/span><\/p>\n<p class=\"MsoNormal\" style=\"margin: 0cm 0cm 0pt;\"><span style=\"font-size: 10pt; font-family: Arial;\">A  Contribui\u00e7\u00e3o Sindical \u2013 GRCS \u00e9 obrigat\u00f3ria para todos os funcion\u00e1rios  de Conselhos e Ordens e Entidades Coligadas e Afins do estado do Cear\u00e1  para serem repassadas ao Sindscoce at\u00e9 o dia 30 de abril do ano em  curso, obrigatoriedade esta institu\u00edda atrav\u00e9s da CLT \u2013 Consolida\u00e7\u00e3o das  Leis Trabalhistas nos seus artigos \u00a0579, 580 e 582. <\/span><\/p>\n<p class=\"MsoNormal\" style=\"margin: 0cm 0cm 0pt;\"><span style=\"font-size: 10pt; font-family: Arial;\"> <\/span><\/p>\n<p class=\"MsoNormal\" style=\"margin: 0cm 0cm 0pt;\"><span style=\"font-size: 10pt; font-family: Arial;\">A  contribui\u00e7\u00e3o assistencial \u00e9 obrigat\u00f3ria para todos os trabalhadores? A  resposta para essa pergunta \u00e9 sim, se for autorizado pela pelos  funcion\u00e1rios n\u00e3o sindicalizados. <\/span><\/p>\n<p class=\"MsoNormal\" style=\"margin: 0cm 0cm 0pt;\"><span style=\"font-size: 10pt; font-family: Arial;\"> <\/span><\/p>\n<p class=\"MsoNormal\" style=\"margin: 0cm 0cm 0pt;\"><span style=\"font-size: 10pt; font-family: Arial;\">\u00c9  importante que os companheiros tenham a consci\u00eancia de que essas formas  de contribui\u00e7\u00e3o s\u00e3o extremamente importantes para que os sindicatos se  \u201cmantenham de p\u00e9\u201d, pois \u00e9 atrav\u00e9s delas que esses \u00f3rg\u00e3os conseguem  manter est\u00e1veis suas estruturas a fim de continuarem defendendo os  interesses de todos os trabalhadores. Por\u00e9m, n\u00e3o s\u00e3o todos que t\u00eam essa  vis\u00e3o. Alguns membros da categoria n\u00e3o sindicalizada s\u00e3o contra essa  taxa, por\u00e9m, n\u00e3o deixam de ser beneficiados nos Acordos Coletivos.<\/span><\/p>\n<p class=\"MsoNormal\" style=\"margin: 0cm 0cm 0pt;\"><span style=\"font-size: 10pt; font-family: Arial;\"> <\/span><\/p>\n<p class=\"MsoNormal\" style=\"margin: 0cm 0cm 0pt;\"><span style=\"font-size: 10pt; font-family: Arial;\">Antes  de os sindicatos surgirem, os direitos dos trabalhadores praticamente  n\u00e3o existiam. Por isso, temos de abrir os olhos para a import\u00e2ncia do  recolhimento da taxa. Com ela, temos mais for\u00e7a para agir perante as  situa\u00e7\u00f5es que deturpem a nossa imagem. \u00c9 essencial que todos aqueles que  ainda n\u00e3o fazem parte da comunidade contribuinte, passem a ver com  outros olhos o real valor do pagamento.<\/span><\/p>\n<p class=\"MsoNormal\" style=\"margin: 0cm 0cm 0pt;\"><span style=\"font-size: 10pt; font-family: Arial;\"> <\/span><\/p>\n<p class=\"MsoNormal\" style=\"margin: 0cm 0cm 0pt;\"><span style=\"font-size: 10pt; font-family: Arial;\">Paulo Castro<\/span><\/p>\n<p class=\"MsoNormal\" style=\"margin: 0cm 0cm 0pt;\"><span style=\"font-size: 10pt; font-family: Arial;\">Diretor Sindscoce<\/span><\/p>\n<p class=\"ecmsonormal\" style=\"margin: 0.75pt 0cm 16.2pt;\"><span style=\"color: #444444; font-family: Arial;\"><span style=\"font-size: x-small;\"> <\/span><\/span><span style=\"color: #444444;\"> <\/span><\/p>\n<p>\u00a0<\/p>\n<div><span style=\"font-size: 10pt;\">PASSO A PASSO PARA GERAR A GUIA DA CONTRIBUI\u00c7\u00c3O SINDICAL PELO SITE DO MINIST\u00c9RIO DO TRABALHO<\/span><\/div>\n<div><span style=\"font-size: 10pt;\"><a href=\"http:\/\/www.mte.gov.br\/\">WWW.MTE.GOV.BR<\/a> LINK DO LADO ESQUERDO <\/span><\/div>\n<div><span style=\"font-size: 10pt;\">CLICA <\/span><span style=\"font-size: 10pt;\">EM RELA\u00c7\u00d5ES DO TRABALHO<\/span><\/div>\n<div><span style=\"font-size: 10pt;\">CLICA <\/span><span style=\"font-size: 10pt;\">EM CONTRIBUI\u00c7\u00c3O SINDICAL<\/span><\/div>\n<div><span style=\"font-size: 10pt;\">CLICA <\/span><span style=\"font-size: 10pt;\">EM EMITIR GUIA<\/span><span style=\"font-size: 10pt;\"> DA<\/span><span style=\"font-size: 10pt;\"> CONTRIBUI\u00c7\u00c3O<\/span><span style=\"font-size: 10pt;\"> SINDICAL<\/span><\/div>\n<div><span style=\"font-size: 10pt;\">CLICA <\/span><span style=\"font-size: 10pt;\">EM EMITIR GUIA<\/span><span style=\"font-size: 10pt;\"> DE<\/span><span style=\"font-size: 10pt;\"> RECOLHIMENTO<\/span><\/div>\n<div><span style=\"font-size: 10pt;\">CLICA DO LADO ESQUERDO <\/span><span style=\"font-size: 10pt;\">EM INCLUIR GUIA<\/span><\/div>\n<div><span style=\"font-size: 10pt;\">TIPO DE IDENTIFICA\u00c7\u00c3O DA ENTIDADE SE FOR POR<\/span><\/div>\n<div><span style=\"font-size: 10pt;\"> <\/span><\/div>\n<div><span style=\"font-size: 10pt;\">CNPJ 63.501.639\/0001-70\u00a0OU POR <\/span><\/div>\n<div><span style=\"font-size: 10pt;\">CODIGO SINDICAL 03957<\/span><\/div>\n<div><span style=\"font-size: 10pt;\">GRAU DA ENTIDADE SINDICATO<\/span><\/div>\n<div><span style=\"font-size: 10pt;\">CLICA EM CONFIRMAR<\/span><\/div>\n<div><span style=\"font-size: 10pt;\">QUANDO APARECER O NOME DO SINDICATO DOS SERVIDORES <\/span><span style=\"font-size: 10pt;\">EM CONSELHOS E ORDENS DE<\/span><span style=\"font-size: 10pt;\"> FISCALIZACAO PROFISSIONAL E ENTIDADES COLIGADAS AFINS CE<\/span><\/div>\n<div><span style=\"font-size: 10pt;\">PREENCHER OS DADOS DA GUIA, CONFIRMAR E GERAR O BOLETO DO ANO PRETENDIDO.<\/span><\/div>\n<div><span style=\"font-size: 10pt;\">Fortaleza \u2013 CE 12 de novembro de 2009<\/span><\/div>\n<div><span style=\"font-size: 10pt;\">Paulo Castro<\/span><\/div>\n<div><span style=\"font-size: 10pt;\">Diretor Tesoureiro Sindscoce<\/span><\/div>\n<p>\u00a0<\/p>\n","protected":false},"excerpt":{"rendered":"<p>Contribui\u00e7\u00e3o CONTRIBUI\u00c7\u00d5ES SINDICAIS (GRCS, Assistencial e Mensal) A Contribui\u00e7\u00e3o Sindical \u2013 GRCS \u00e9 obrigat\u00f3ria para todos os funcion\u00e1rios de Conselhos e Ordens e Entidades Coligadas e Afins do estado do Cear\u00e1 para serem repassadas ao Sindscoce at\u00e9 o dia 30 de abril do ano em curso, obrigatoriedade esta institu\u00edda atrav\u00e9s da CLT \u2013 Consolida\u00e7\u00e3o das [&hellip;]<\/p>\n","protected":false},"author":1,"featured_media":0,"comment_status":"open","ping_status":"open","sticky":false,"template":"","format":"standard","meta":{"footnotes":""},"categories":[16],"tags":[],"class_list":["post-8","post","type-post","status-publish","format-standard","hentry","category-sindscoce-sindscoce"],"_links":{"self":[{"href":"https:\/\/sindscoce.org.br\/index.php?rest_route=\/wp\/v2\/posts\/8","targetHints":{"allow":["GET"]}}],"collection":[{"href":"https:\/\/sindscoce.org.br\/index.php?rest_route=\/wp\/v2\/posts"}],"about":[{"href":"https:\/\/sindscoce.org.br\/index.php?rest_route=\/wp\/v2\/types\/post"}],"author":[{"embeddable":true,"href":"https:\/\/sindscoce.org.br\/index.php?rest_route=\/wp\/v2\/users\/1"}],"replies":[{"embeddable":true,"href":"https:\/\/sindscoce.org.br\/index.php?rest_route=%2Fwp%2Fv2%2Fcomments&post=8"}],"version-history":[{"count":0,"href":"https:\/\/sindscoce.org.br\/index.php?rest_route=\/wp\/v2\/posts\/8\/revisions"}],"wp:attachment":[{"href":"https:\/\/sindscoce.org.br\/index.php?rest_route=%2Fwp%2Fv2%2Fmedia&parent=8"}],"wp:term":[{"taxonomy":"category","embeddable":true,"href":"https:\/\/sindscoce.org.br\/index.php?rest_route=%2Fwp%2Fv2%2Fcategories&post=8"},{"taxonomy":"post_tag","embeddable":true,"href":"https:\/\/sindscoce.org.br\/index.php?rest_route=%2Fwp%2Fv2%2Ftags&post=8"}],"curies":[{"name":"wp","href":"https:\/\/api.w.org\/{rel}","templated":true}]}}