{"id":418,"date":"2021-09-15T10:58:17","date_gmt":"2021-09-15T13:58:17","guid":{"rendered":"http:\/\/localhost\/sindscoce.org.br\/novo\/wordpress\/index.php\/2021\/09\/15\/crb-ce-2021-2022\/"},"modified":"2021-09-15T10:58:17","modified_gmt":"2021-09-15T13:58:17","slug":"crb-ce-2021-2022","status":"publish","type":"post","link":"https:\/\/sindscoce.org.br\/?p=418","title":{"rendered":"CRB-CE-2021-2022"},"content":{"rendered":"<p>ACORDO COLETIVO DE TRABALHO 2021\/2022<\/p>\n<p>\u00a0<\/p>\n<p>N\u00daMERO DE REGISTRO NO MTE:\u00a0 \u00a0 \u00a0 \u00a0 \u00a0 CE000815\/2021<\/p>\n<p>DATA DE REGISTRO NO MTE:\u00a0 \u00a0 \u00a0 \u00a0 \u00a0 \u00a0 20\/08\/2021<\/p>\n<p>N\u00daMERO DA SOLICITA\u00c7\u00c3O:\u00a0 \u00a0 \u00a0 \u00a0 \u00a0 \u00a0 \u00a0 MR041041\/2021<\/p>\n<p>N\u00daMERO DO PROCESSO:\u00a0 \u00a0 \u00a0 \u00a0 \u00a0 \u00a0 \u00a0 \u00a0 \u00a014022.111661\/2021-59<\/p>\n<p>DATA DO PROTOCOLO:\u00a0 \u00a0 \u00a0 \u00a0 \u00a0 \u00a0 \u00a0 \u00a0 \u00a0 20\/08\/2021<\/p>\n<p>\u00a0<\/p>\n<p>\u00a0<\/p>\n<p>\u00a0<\/p>\n<p>\u00a0<\/p>\n<p>Confira a autenticidade no endere\u00e7o http:\/\/www3.mte.gov.br\/sistemas\/mediador\/.<\/p>\n<p>\u00a0<\/p>\n<p>\u00a0<\/p>\n<p>SIND SERV CONS ORDENS FISC PROFIS ENT COL AFINS EST CE, CNPJ n. 63.501.639\/0001-70, neste ato representado(a) por seu ;<\/p>\n<p>\u00a0<\/p>\n<p>E<\/p>\n<p>\u00a0<\/p>\n<p>CONSELHO REGIONAL DE BIBLIOTECONOMIA 3 REGIAO , CNPJ n. 05.368.709\/0001-68, neste ato representado(a) por seu e por seu ;<\/p>\n<p>\u00a0<\/p>\n<p>celebram o presente ACORDO COLETIVO DE TRABALHO, estipulando as condi\u00e7\u00f5es de trabalho previstas nas cl\u00e1usulas seguintes:<\/p>\n<p>\u00a0<\/p>\n<p>CL\u00c1USULA PRIMEIRA &#8211; VIG\u00caNCIA E DATA-BASE<\/p>\n<p>\u00a0<\/p>\n<p>As partes fixam a vig\u00eancia do presente Acordo Coletivo de Trabalho no per\u00edodo de 01\u00ba de maio de 2021 a 30 de abril de 2022 e a data-base da categoria em 01\u00ba<\/p>\n<p>de maio.<\/p>\n<p>\u00a0<\/p>\n<p>\u00a0<\/p>\n<p>CL\u00c1USULA SEGUNDA &#8211; ABRANG\u00caNCIA<\/p>\n<p>\u00a0<\/p>\n<p>O presente Acordo Coletivo de Trabalho, aplic\u00e1vel no \u00e2mbito da(s) empresa(s) acordante(s), abranger\u00e1 a(s) categoria(s) SERVIDORES EM CONSELHOS E<\/p>\n<p>ORDENS DE FISCALIZA\u00c7\u00c3O PROFISSIONAL E ENTIDADES COLIGADAS E AFINS , com abrang\u00eancia territorial em CE.<\/p>\n<p>\u00a0<\/p>\n<p>\u00a0<\/p>\n<p>\u00a0<\/p>\n<p>Sal\u00e1rios, Reajustes e Pagamento<\/p>\n<p>\u00a0<\/p>\n<p>Piso Salarial<\/p>\n<p>\u00a0<\/p>\n<p>\u00a0<\/p>\n<p>CL\u00c1USULA TERCEIRA &#8211; SAL\u00c1RIO BASE:<\/p>\n<p>\u00a0<\/p>\n<p>\u00a0<\/p>\n<p>\u00a0<\/p>\n<p>\u00a0<\/p>\n<p>Fica estabelecido que o menor sal\u00e1rio da categoria, n\u00e3o poder\u00e1 ser inferior ao equivalente a R$ 1.430,62 (Hum mil, quatrocentos e trinta reais e cinquenta<\/p>\n<p>centavos), valendo a partir de 1\u00ba de maio de 2021 quando ser\u00e1 reajustado na forma da cl\u00e1usula primeira deste Acordo Coletivo de Trabalho.<\/p>\n<p>\u00a0<\/p>\n<p>\u00a0<\/p>\n<p>\u00a0<\/p>\n<p>Reajustes\/Corre\u00e7\u00f5es Salariais<\/p>\n<p>\u00a0<\/p>\n<p>\u00a0<\/p>\n<p>CL\u00c1USULA QUARTA &#8211; REAJUSTE SALARIAL:<\/p>\n<p>\u00a0<\/p>\n<p>\u00a0<\/p>\n<p>\u00a0<\/p>\n<p>\u00a0<\/p>\n<p>O CRB-3 reajusta o Sal\u00e1rio dos seus funcion\u00e1rios, vigente em 1\u00ba (primeiro) de maio de 2021, em 2% (dois por cento), retroativo ao m\u00eas da data-base.<\/p>\n<p>\u00a0<\/p>\n<p>\u00a0<\/p>\n<p>\u00a0<\/p>\n<p>Pagamento de Sal\u00e1rio\u00a0 \u00a0 \u00a0 Formas e Prazos<\/p>\n<p>\u00a0<\/p>\n<p>\u00a0<\/p>\n<p>CL\u00c1USULA QUINTA &#8211; PAGAMENTO DOS VENCIMENTOS:<\/p>\n<p>\u00a0<\/p>\n<p>\u00a0<\/p>\n<p>\u00a0<\/p>\n<p>\u00a0<\/p>\n<p>O CRB-3 efetuar\u00e1 o pagamento do saldo de sal\u00e1rio at\u00e9 o dia 30 (trinta) de cada m\u00eas. Caso n\u00e3o efetue o pagamento dos vencimentos em moeda corrente, dever\u00e1<\/p>\n<p>proporcionar aos funcion\u00e1rios tempo h\u00e1bil para o recebimento no banco ou posto banc\u00e1rio, dentro da jornada de trabalho, quando esta coincidir com o hor\u00e1rio<\/p>\n<p>banc\u00e1rio, excluindo-se os hor\u00e1rios de descanso e refei\u00e7\u00e3o, garantidas as condi\u00e7\u00f5es mais favor\u00e1veis j\u00e1 praticadas.<\/p>\n<p>\u00a0<\/p>\n<p>\u00a0<\/p>\n<p>\u00a0<\/p>\n<p>\u00a0<\/p>\n<p>CL\u00c1USULA SEXTA &#8211; COMPROVANTE DE PAGAMENTO:<\/p>\n<p>\u00a0<\/p>\n<p>\u00a0<\/p>\n<p>\u00a0<\/p>\n<p>\u00a0<\/p>\n<p>O CRB-3 fornecer\u00e1 aos seus funcion\u00e1rios comprovantes de pagamentos de sal\u00e1rio, formalmente preenchidos discriminando fun\u00e7\u00e3o\/cargo, o valor do sal\u00e1rio<\/p>\n<p>percebido e seus respectivos descontos.<\/p>\n<p>Gratifica\u00e7\u00f5es, Adicionais, Aux\u00edlios e Outros<\/p>\n<p>\u00a0<\/p>\n<p>13\u00ba Sal\u00e1rio<\/p>\n<p>\u00a0<\/p>\n<p>\u00a0<\/p>\n<p>CL\u00c1USULA S\u00c9TIMA &#8211; PAGAMENTO DO 13\u00ba SAL\u00c1RIO:<\/p>\n<p>\u00a0<\/p>\n<p>\u00a0<\/p>\n<p>\u00a0<\/p>\n<p>\u00a0<\/p>\n<p>O servidor poder\u00e1 receber 50% (cinquenta por cento) do d\u00e9cimo terceiro sal\u00e1rio por ocasi\u00e3o das f\u00e9rias e o restante at\u00e9 o dia 10 de dezembro ano em curso ou<\/p>\n<p>100% (cem por cento) at\u00e9 30 de novembro do corrente ano.<\/p>\n<p>\u00a0<\/p>\n<p>\u00a0<\/p>\n<p>\u00a0<\/p>\n<p>Adicional de Hora-Extra<\/p>\n<p>\u00a0<\/p>\n<p>\u00a0<\/p>\n<p>CL\u00c1USULA OITAVA &#8211; HORAS EXTRAORDIN\u00c1RIAS:<\/p>\n<p>\u00a0<\/p>\n<p>\u00a0<\/p>\n<p>\u00a0<\/p>\n<p>\u00a0<\/p>\n<p>A hora extraordin\u00e1ria ser\u00e1 remunerada com adicional de 60 % (sessenta por cento) de acr\u00e9scimo sobre o valor da hora normal trabalhada.<\/p>\n<p>\u00a0<\/p>\n<p>\u00a0<\/p>\n<p>\u00a0<\/p>\n<p>Adicional de Tempo de Servi\u00e7o<\/p>\n<p>\u00a0<\/p>\n<p>\u00a0<\/p>\n<p>CL\u00c1USULA NONA &#8211; EST\u00cdMULO AO TRABALHO E A FIDELIDADE:<\/p>\n<p>\u00a0<\/p>\n<p>\u00a0<\/p>\n<p>\u00a0<\/p>\n<p>\u00a0<\/p>\n<p>O CRB-3 conceder\u00e1 aos seus servidores, a t\u00edtulo de est\u00edmulo, adicional de sal\u00e1rio \u00e0 raz\u00e3o de 1% (hum por cento) para cada ano de servi\u00e7o prestado a partir de<\/p>\n<p>1\u00ba de janeiro de 2009, resguardado as condi\u00e7\u00f5es mais favor\u00e1veis j\u00e1 praticadas.<\/p>\n<p>\u00a0<\/p>\n<p>\u00a0<\/p>\n<p>\u00a0<\/p>\n<p>\u00a0<\/p>\n<p>PAR\u00c1GRAFO \u00daNICO \u2013 O presente adicional entrara em vigor em 1\u00ba de janeiro de 2009, e os servidores desse Regional N\u00c3O ter\u00e3o direto a preitear qualquer<\/p>\n<p>valor retroativo a esse beneficio concedido no presente acordo seja a que titulo for.<\/p>\n<p>\u00a0<\/p>\n<p>\u00a0<\/p>\n<p>\u00a0<\/p>\n<p>\u00a0<\/p>\n<p>Aux\u00edlio Alimenta\u00e7\u00e3o<\/p>\n<p>\u00a0<\/p>\n<p>\u00a0<\/p>\n<p>CL\u00c1USULA D\u00c9CIMA &#8211; AUXILIO ALIMENTA\u00c7\u00c3O:<\/p>\n<p>\u00a0<\/p>\n<p>\u00a0<\/p>\n<p>\u00a0<\/p>\n<p>\u00a0<\/p>\n<p>O CRB-3 fornecer\u00e1 aos seus servidores, auxilio alimenta\u00e7\u00e3o, no valor de R$ 536,00(quinhentos e trinta e seis reais), pagos em pec\u00fania. O servidor ter\u00e1 direito<\/p>\n<p>ao aux\u00edlio-alimenta\u00e7\u00e3o tamb\u00e9m em seu per\u00edodo de f\u00e9rias. O referido benef\u00edcio n\u00e3o ter\u00e1 natureza salarial (Lei n\u00ba 8.460\/1992).<\/p>\n<p>\u00a0<\/p>\n<p>\u00a0<\/p>\n<p>\u00a0<\/p>\n<p>Aux\u00edlio Transporte<\/p>\n<p>\u00a0<\/p>\n<p>\u00a0<\/p>\n<p>CL\u00c1USULA D\u00c9CIMA PRIMEIRA &#8211; PASS CARD:<\/p>\n<p>\u00a0<\/p>\n<p>\u00a0<\/p>\n<p>\u00a0<\/p>\n<p>\u00a0<\/p>\n<p>O CRB-3 fornecer\u00e1 aos seus empregados PASS CARD (cart\u00e3o magn\u00e9tico pessoal e intransfer\u00edvel com cr\u00e9dito para convers\u00e3o restrita por passagens terrestres<\/p>\n<p>em transportes coletivos urbanos apropriados ao seu uso). O fornecimento do cart\u00e3o ser\u00e1 concedido mediante apresenta\u00e7\u00e3o do formul\u00e1rio de solicita\u00e7\u00e3o<\/p>\n<p>apropriado, devidamente preenchido e assinado pelo empregado solicitante, discriminado o n\u00famero de deslocamentos di\u00e1rios necess\u00e1rios ao cumprimento do<\/p>\n<p>trajeto RESID\u00caNCIA &#8211; TRABALHO &#8211; RESID\u00caNCIA e seus respectivos valores praticados pela companhia de transporte respons\u00e1vel, acompanhado de c\u00f3pia do<\/p>\n<p>comprovante de endere\u00e7o. Cada empregado receber\u00e1 um PASS CARD que ser\u00e1 alimentado mensalmente com cr\u00e9dito equivalente \u00e1 sua despesa com o<\/p>\n<p>deslocamento supramencionado naquele per\u00edodo.<\/p>\n<p>\u00a0<\/p>\n<p>\u00a0<\/p>\n<p>\u00a0<\/p>\n<p>\u00a0<\/p>\n<p>PAR\u00c1GRAFO \u00daNICO: O CRB-3 poder\u00e1 por op\u00e7\u00e3o dos seus servidores conceder Auxilio Transporte em forma de pec\u00fania aos funcion\u00e1rios correspondente aos<\/p>\n<p>dias de trabalho efetivo. (MP 2.165-36 de 23\/08\/01).<\/p>\n<p>\u00a0<\/p>\n<p>\u00a0<\/p>\n<p>\u00a0<\/p>\n<p>Aux\u00edlio Sa\u00fade<\/p>\n<p>\u00a0<\/p>\n<p>\u00a0<\/p>\n<p>CL\u00c1USULA D\u00c9CIMA SEGUNDA &#8211; ASSIST\u00caNCIA M\u00c9DICA:<\/p>\n<p>O CRB-3 conceder\u00e1 assist\u00eancia m\u00e9dica aos seus servidores na rede privada de assist\u00eancia \u00e0 Sa\u00fade no valor m\u00e1ximo de R$ 500,00 (quinhentos reais),<\/p>\n<p>custeado pelo Conselho, por m\u00eas e por servidor, podendo ser pago valor superior, por decis\u00e3o plen\u00e1ria no que atine ao adimplemento do Plano de Sa\u00fade em<\/p>\n<p>refer\u00eancia, caso haja, diferen\u00e7a a maior, esta dever\u00e1 ser paga pelo servidor.<\/p>\n<p>\u00a0<\/p>\n<p>\u00a0<\/p>\n<p>\u00a0<\/p>\n<p>\u00a0<\/p>\n<p>\u00a71\u00ba &#8211; No ato da admiss\u00e3o, funcion\u00e1rio que j\u00e1 possuir plano de sa\u00fade, e optar por permanecer com mesmo, o CRB-3 custeara o valor em forma de pec\u00fania, at\u00e9 o<\/p>\n<p>limite acima estabelecido.<\/p>\n<p>\u00a0<\/p>\n<p>\u00a0<\/p>\n<p>\u00a0<\/p>\n<p>\u00a0<\/p>\n<p>\u00a72\u00ba &#8211; Fica estabelecido que a condi\u00e7\u00e3o acima, entrar\u00e1 em vigor a partir do m\u00eas de Outubro\/2019, mediante comunicado pr\u00e9vio e formal aos servidores do CRB-3.<\/p>\n<p>\u00a0<\/p>\n<p>\u00a0<\/p>\n<p>\u00a0<\/p>\n<p>\u00a0<\/p>\n<p>Contrato de Trabalho\u00a0 \u00a0 \u00a0Admiss\u00e3o, Demiss\u00e3o, Modalidades<\/p>\n<p>\u00a0<\/p>\n<p>Outras normas referentes a admiss\u00e3o, demiss\u00e3o e modalidades de contrata\u00e7\u00e3o<\/p>\n<p>\u00a0<\/p>\n<p>\u00a0<\/p>\n<p>CL\u00c1USULA D\u00c9CIMA TERCEIRA &#8211; DA DEMISS\u00c3O PR\u00d3XIMA \u00c0 APOSENTADORIA:<\/p>\n<p>\u00a0<\/p>\n<p>\u00a0<\/p>\n<p>\u00a0<\/p>\n<p>\u00a0<\/p>\n<p>Os funcion\u00e1rios que forem dispensados e que tenham mais de 05 (cinco) anos de servi\u00e7os e a quem concomitantemente faltem no m\u00e1ximo 03 (tr\u00eas) anos para se<\/p>\n<p>aposentar, o CRB-3 pagar\u00e1 o valor das contribui\u00e7\u00f5es devidas ao INSS, correspondente ao per\u00edodo necess\u00e1rio para que se complete o tempo de aposentadoria<\/p>\n<p>com base no \u00faltimo sal\u00e1rio reajustado na forma do presente Acordo, reembolso que n\u00e3o ter\u00e1 natureza salarial.<\/p>\n<p>\u00a0<\/p>\n<p>\u00a0<\/p>\n<p>\u00a0<\/p>\n<p>\u00a0<\/p>\n<p>Rela\u00e7\u00f5es de Trabalho\u00a0 \u00a0 \u00a0 Condi\u00e7\u00f5es de Trabalho, Normas de Pessoal e Estabilidades<\/p>\n<p>\u00a0<\/p>\n<p>Outras estabilidades<\/p>\n<p>\u00a0<\/p>\n<p>\u00a0<\/p>\n<p>CL\u00c1USULA D\u00c9CIMA QUARTA &#8211; ESTABILIDADE NO PROCESSO ELEITORAL:<\/p>\n<p>\u00a0<\/p>\n<p>\u00a0<\/p>\n<p>\u00a0<\/p>\n<p>\u00a0<\/p>\n<p>\u00c9 vetada a dispensa de funcion\u00e1rios no per\u00edodo compreendido entre os 3 (tr\u00eas) meses que antecedem as elei\u00e7\u00f5es de qualquer dos cargos diretivos do CRB-3 at\u00e9<\/p>\n<p>os 3 (tr\u00eas) meses sucessivos \u00e0 posse nestes mesmos cargos.<\/p>\n<p>\u00a0<\/p>\n<p>\u00a0<\/p>\n<p>\u00a0<\/p>\n<p>\u00a0<\/p>\n<p>Jornada de Trabalho\u00a0 \u00a0 \u00a0 Dura\u00e7\u00e3o, Distribui\u00e7\u00e3o, Controle, Faltas<\/p>\n<p>\u00a0<\/p>\n<p>Jornadas Especiais (mulheres, menores, estudantes)<\/p>\n<p>\u00a0<\/p>\n<p>\u00a0<\/p>\n<p>CL\u00c1USULA D\u00c9CIMA QUINTA &#8211; DAS HORAS EXTRAS DO ESTUDANTE:<\/p>\n<p>\u00a0<\/p>\n<p>\u00a0<\/p>\n<p>\u00a0<\/p>\n<p>\u00a0<\/p>\n<p>O servidor estudante, matriculado em curso regular e previsto em Lei, n\u00e3o poder\u00e1 prestar servi\u00e7o extraordin\u00e1rio no hor\u00e1rio que coincida com seu hor\u00e1rio de aulas,<\/p>\n<p>durante o per\u00edodo letivo.<\/p>\n<p>\u00a0<\/p>\n<p>\u00a0<\/p>\n<p>\u00a0<\/p>\n<p>\u00a0<\/p>\n<p>F\u00e9rias e Licen\u00e7as<\/p>\n<p>\u00a0<\/p>\n<p>Outras disposi\u00e7\u00f5es sobre f\u00e9rias e licen\u00e7as<\/p>\n<p>\u00a0<\/p>\n<p>\u00a0<\/p>\n<p>CL\u00c1USULA D\u00c9CIMA SEXTA &#8211; F\u00c9RIAS DO FUNCION\u00c1RIO ESTUDANTE:<\/p>\n<p>\u00a0<\/p>\n<p>\u00a0<\/p>\n<p>\u00a0<\/p>\n<p>\u00a0<\/p>\n<p>O CRB-3 conceder\u00e1 f\u00e9rias de seus funcion\u00e1rios estudantes em per\u00edodo que coincida com per\u00edodo de f\u00e9rias escolares, desde que tal benef\u00edcio seja solicitado pelo<\/p>\n<p>funcion\u00e1rio num prazo m\u00ednimo de 60 (sessenta) dias por escrito.<\/p>\n<p>\u00a0<\/p>\n<p>\u00a0<\/p>\n<p>\u00a0<\/p>\n<p>\u00a0<\/p>\n<p>Sa\u00fade e Seguran\u00e7a do Trabalhador<\/p>\n<p>Exames M\u00e9dicos<\/p>\n<p>\u00a0<\/p>\n<p>\u00a0<\/p>\n<p>CL\u00c1USULA D\u00c9CIMA S\u00c9TIMA &#8211; EXAME M\u00c9DICO:<\/p>\n<p>\u00a0<\/p>\n<p>\u00a0<\/p>\n<p>\u00a0<\/p>\n<p>\u00a0<\/p>\n<p>No ato da admiss\u00e3o, bem como a cada ano de servi\u00e7o, ser\u00e1 efetuado exame m\u00e9dico (ASO \u2013 Atestado de Sa\u00fade Ocupacional) patrocinado pelo CRB-3, para<\/p>\n<p>aferi\u00e7\u00e3o do estado de sa\u00fade do funcion\u00e1rio, para que se previnam de doen\u00e7as pulmonares, tenossinovite, e etc. Caso a Autarquia Federal conceda o Plano de<\/p>\n<p>Sa\u00fade aos funcion\u00e1rios, o mesmo ser\u00e1 efetuado pelo plano.<\/p>\n<p>\u00a0<\/p>\n<p>\u00a0<\/p>\n<p>\u00a0<\/p>\n<p>\u00a0<\/p>\n<p>Rela\u00e7\u00f5es Sindicais<\/p>\n<p>\u00a0<\/p>\n<p>Sindicaliza\u00e7\u00e3o (campanhas e contrata\u00e7\u00e3o de sindicalizados)<\/p>\n<p>\u00a0<\/p>\n<p>\u00a0<\/p>\n<p>CL\u00c1USULA D\u00c9CIMA OITAVA &#8211; UTILIZA\u00c7\u00c3O DE QUADRO DE AVISOS:<\/p>\n<p>\u00a0<\/p>\n<p>\u00a0<\/p>\n<p>\u00a0<\/p>\n<p>\u00a0<\/p>\n<p>O CRB-3 colocar\u00e1 \u00e0 disposi\u00e7\u00e3o do SINDSCOCE, em local de f\u00e1cil acesso e visibilidade, quadro de avisos para a fixa\u00e7\u00e3o de comunicados, informa\u00e7\u00f5es e<\/p>\n<p>convocat\u00f3rias.<\/p>\n<p>\u00a0<\/p>\n<p>\u00a0<\/p>\n<p>\u00a0<\/p>\n<p>Acesso do Sindicato ao Local de Trabalho<\/p>\n<p>\u00a0<\/p>\n<p>\u00a0<\/p>\n<p>CL\u00c1USULA D\u00c9CIMA NONA &#8211; ENTRADAS DE DIRETORES SINDICAIS NO RECINTO DE TRABALHO:<\/p>\n<p>\u00a0<\/p>\n<p>\u00a0<\/p>\n<p>\u00a0<\/p>\n<p>\u00a0<\/p>\n<p>Sempre que se fizer necess\u00e1rio, os diretores do SINDSCOCE ou pessoas por ele credenciadas ter\u00e3o livre acesso ao recinto de trabalho para distribui\u00e7\u00e3o de<\/p>\n<p>boletins, convocat\u00f3rios e para efetuar sindicaliza\u00e7\u00f5es.<\/p>\n<p>\u00a0<\/p>\n<p>\u00a0<\/p>\n<p>\u00a0<\/p>\n<p>Representante Sindical<\/p>\n<p>\u00a0<\/p>\n<p>\u00a0<\/p>\n<p>CL\u00c1USULA VIG\u00c9SIMA &#8211; REPRESENTA\u00c7\u00c3O NO LOCAL DE TRABALHO:<\/p>\n<p>\u00a0<\/p>\n<p>\u00a0<\/p>\n<p>\u00a0<\/p>\n<p>\u00a0<\/p>\n<p>Os funcion\u00e1rios eleger\u00e3o entre si seus representantes no \u00e2mbito do local de trabalho e o SINDSCOCE os credenciar\u00e1 para tratarem as quest\u00f5es relativas ao<\/p>\n<p>trabalho em geral e seus desdobramentos em rela\u00e7\u00e3o ao cumprimento de Leis, Conven\u00e7\u00e3o, etc. e quaisquer outras quest\u00f5es derivadas das rela\u00e7\u00f5es de trabalho,<\/p>\n<p>sem repres\u00e1lias.<\/p>\n<p>\u00a0<\/p>\n<p>\u00a0<\/p>\n<p>\u00a0<\/p>\n<p>Libera\u00e7\u00e3o de Empregados para Atividades Sindicais<\/p>\n<p>\u00a0<\/p>\n<p>\u00a0<\/p>\n<p>CL\u00c1USULA VIG\u00c9SIMA PRIMEIRA &#8211; LICEN\u00c7A AO ASSOCIADO DO SINDSCOCE:<\/p>\n<p>\u00a0<\/p>\n<p>\u00a0<\/p>\n<p>\u00a0<\/p>\n<p>\u00a0<\/p>\n<p>Fica garantida ao funcion\u00e1rio sindicalizado, licen\u00e7a remunerada para sua participa\u00e7\u00e3o, mediante convoca\u00e7\u00e3o, de cursos, semin\u00e1rios, congressos, etc. promovidos<\/p>\n<p>pelo SINDSCOCE e\/ou pela FENASERA &#8211; Federa\u00e7\u00e3o Nacional dos Servidores das Autarquias de Fiscaliza\u00e7\u00e3o do Exerc\u00edcio Profissional.<\/p>\n<p>\u00a0<\/p>\n<p>\u00a0<\/p>\n<p>\u00a0<\/p>\n<p>Acesso a Informa\u00e7\u00f5es da Empresa<\/p>\n<p>\u00a0<\/p>\n<p>\u00a0<\/p>\n<p>CL\u00c1USULA VIG\u00c9SIMA SEGUNDA &#8211; CADASTRO GERAL DE FUNCION\u00c1RIOS:<\/p>\n<p>\u00a0<\/p>\n<p>\u00a0<\/p>\n<p>\u00a0<\/p>\n<p>\u00a0<\/p>\n<p>O CRB-3 fornecer\u00e1 semestralmente e\/ou sempre que houver admiss\u00e3o e\/ou demiss\u00e3o ao SINDICATO, rela\u00e7\u00e3o nominal de todos os funcion\u00e1rios por cargo e local<\/p>\n<p>de trabalho.<\/p>\n<p>\u00a0<\/p>\n<p>\u00a0<\/p>\n<p>\u00a0<\/p>\n<p>Contribui\u00e7\u00f5es Sindicais<\/p>\n<p>\u00a0<\/p>\n<p>\u00a0<\/p>\n<p>CL\u00c1USULA VIG\u00c9SIMA TERCEIRA &#8211; AUTORIZA\u00c7\u00c3O.<\/p>\n<p>Autoriza\u00e7\u00e3o para desconto da mensalidade devido ao SINDSCOCE, descontadas equivalentes 1% (hum por cento) do sal\u00e1rio &#8211; base subseq\u00fcente ao desconto,<\/p>\n<p>atrav\u00e9s de dep\u00f3sito banc\u00e1rio conta N\u00b0. 6889-0 ag\u00eancia 031 da Caixa Econ\u00f4mica Federal.<\/p>\n<p>\u00a0<\/p>\n<p>\u00a0<\/p>\n<p>\u00a0<\/p>\n<p>\u00a0<\/p>\n<p>CL\u00c1USULA VIG\u00c9SIMA QUARTA &#8211; DESCONTO ASSISTENCIAL SINDICAL\/LABORAL:<\/p>\n<p>\u00a0<\/p>\n<p>\u00a0<\/p>\n<p>\u00a0<\/p>\n<p>\u00a0<\/p>\n<p>O recolhimento da Contribui\u00e7\u00e3o Assistencial decorrente do presente ACT ser\u00e1 efetuado \u00e0 conta banc\u00e1ria do SINDSCOCE, da seguinte forma: a) Desconto de 7%<\/p>\n<p>(sete por cento) sobre o sal\u00e1rio &#8211; base dos servidores n\u00e3o sindicalizados, em uma \u00fanica vez, na folha de pagamento do m\u00eas do ACT b) Desconto de 1% (um por<\/p>\n<p>cento) sobre sal\u00e1rio &#8211; base dos funcion\u00e1rios sindicalizados, em uma \u00fanica vez, na folha de pagamento do m\u00eas do ACT. Par\u00e1grafo \u00danico: O atraso no repasse dos<\/p>\n<p>recursos da Contribui\u00e7\u00e3o Assistencial acarretar\u00e1 uma multa de 2% (dois por cento) e a corre\u00e7\u00e3o monet\u00e1ria pelo IGP-M\/FGV, do respectivo per\u00edodo de atraso,<\/p>\n<p>acrescido de juros de mora no valor de 1% (hum por cento) para cada m\u00eas de atraso subseq\u00fcente.<\/p>\n<p>\u00a0<\/p>\n<p>\u00a0<\/p>\n<p>\u00a0<\/p>\n<p>\u00a0<\/p>\n<p>CL\u00c1USULA VIG\u00c9SIMA QUINTA &#8211; CONTRIBUI\u00c7\u00c3O SINDICAL &#8211; GRCS:<\/p>\n<p>\u00a0<\/p>\n<p>\u00a0<\/p>\n<p>\u00a0<\/p>\n<p>\u00a0<\/p>\n<p>O CRB-3 pelo presente ACT descontar\u00e1 da remunera\u00e7\u00e3o de seus servidores na folha do m\u00eas de mar\u00e7o a import\u00e2ncia referente \u00e0 (01) um dia de trabalho a t\u00edtulo<\/p>\n<p>de Contribui\u00e7\u00e3o SINDICAL &#8211; GRCS na forma inciso IV, do art. 8\u00ba, da Constitui\u00e7\u00e3o Federal, recolhendo o valor total arrecadado at\u00e9 o 10\u00ba (d\u00e9cimo) dia \u00fatil ap\u00f3s o<\/p>\n<p>desconto aos cofres do SINDSCOCE.<\/p>\n<p>\u00a0<\/p>\n<p>\u00a0<\/p>\n<p>\u00a0<\/p>\n<p>Outras disposi\u00e7\u00f5es sobre rela\u00e7\u00e3o entre sindicato e empresa<\/p>\n<p>\u00a0<\/p>\n<p>\u00a0<\/p>\n<p>CL\u00c1USULA VIG\u00c9SIMA SEXTA &#8211; DIA DA CATEGORIA:<\/p>\n<p>\u00a0<\/p>\n<p>\u00a0<\/p>\n<p>\u00a0<\/p>\n<p>\u00a0<\/p>\n<p>Fica assegurado aos funcion\u00e1rios o dia 28 (vinte e oito) de Outubro, como dia da respectiva categoria profissional. No referido dia dispensado do trabalho, se<\/p>\n<p>por necessidade de servi\u00e7o forem convocados a trabalhar, receber\u00e3o o sal\u00e1rio desse dia como hora extra.<\/p>\n<p>\u00a0<\/p>\n<p>\u00a0<\/p>\n<p>\u00a0<\/p>\n<p>\u00a0<\/p>\n<p>Disposi\u00e7\u00f5es Gerais<\/p>\n<p>\u00a0<\/p>\n<p>Regras para a Negocia\u00e7\u00e3o<\/p>\n<p>\u00a0<\/p>\n<p>\u00a0<\/p>\n<p>CL\u00c1USULA VIG\u00c9SIMA S\u00c9TIMA &#8211; VIG\u00caNCIA DAS CL\u00c1USULAS SOCIAIS E ECON\u00d4MICAS:<\/p>\n<p>\u00a0<\/p>\n<p>\u00a0<\/p>\n<p>\u00a0<\/p>\n<p>\u00a0<\/p>\n<p>N\u00e3o havendo novo Acordo Coletivo de Trabalho para os pr\u00f3ximos per\u00edodos, continuar\u00e3o em vigor as Cl\u00e1usulas sociais e sindicais estabelecidas neste Acordo<\/p>\n<p>Coletivo Trabalho, at\u00e9 que novo instrumento seja firmado.<\/p>\n<p>\u00a0<\/p>\n<p>\u00a0<\/p>\n<p>\u00a0<\/p>\n<p>Mecanismos de Solu\u00e7\u00e3o de Conflitos<\/p>\n<p>\u00a0<\/p>\n<p>\u00a0<\/p>\n<p>CL\u00c1USULA VIG\u00c9SIMA OITAVA &#8211; NEGOCIA\u00c7\u00d5ES INDIVIDUAIS FRENTE \u00c0 NEGOCIA\u00c7\u00c3O COLETIVA:<\/p>\n<p>\u00a0<\/p>\n<p>\u00a0<\/p>\n<p>\u00a0<\/p>\n<p>\u00a0<\/p>\n<p>As negocia\u00e7\u00f5es de trabalho individuais n\u00e3o poder\u00e3o versar sobre o previsto em Acordo Coletivo de Trabalho.<\/p>\n<p>\u00a0<\/p>\n<p>\u00a0<\/p>\n<p>\u00a0<\/p>\n<p>Aplica\u00e7\u00e3o do Instrumento Coletivo<\/p>\n<p>\u00a0<\/p>\n<p>\u00a0<\/p>\n<p>CL\u00c1USULA VIG\u00c9SIMA NONA &#8211; HOMOLOGA\u00c7\u00c3O:<\/p>\n<p>\u00a0<\/p>\n<p>\u00a0<\/p>\n<p>\u00a0<\/p>\n<p>\u00a0<\/p>\n<p>O presente acordo ter\u00e1 vig\u00eancia de 1\u00ba (primeiro) de maio de 2021 e t\u00e9rmino em 30 (trinta) de abril de 2022. As partes se comprometem a requerer a Homologa\u00e7\u00e3o<\/p>\n<p>perante as autoridades competentes e em especial \u00e0 SUPERINTENDENCIA REGIONAL DO TRABALHO E EMPREGO &#8211; SERET, onde tramita o processo de<\/p>\n<p>Negocia\u00e7\u00e3o Coletiva de Trabalho entre o SINDSCOCE e os CRB-3. Fica eleito como competente, o foro central da COMARCA desta Capital, para nele serem<\/p>\n<p>dirimidas quaisquer d\u00favidas ou quest\u00f5es, resultantes deste contrato, renunciando-se a qualquer outro por mais privilegiado que seja. E por estarem justos e<\/p>\n<p>contratados assinam o presente contrato em (02) duas vias de igual teor e forma na presen\u00e7a das testemunhas abaixo assinadas.<\/p>\n<p>\u00a0<\/p>\n<p>\u00a0<\/p>\n<p>\u00a0<\/p>\n<p>Descumprimento do Instrumento Coletivo<\/p>\n<p>\u00a0<\/p>\n<p>\u00a0<\/p>\n<p>CL\u00c1USULA TRIG\u00c9SIMA &#8211; MULTA CONTRATUAL:<\/p>\n<p>\u00a0<\/p>\n<p>\u00a0<\/p>\n<p>\u00a0<\/p>\n<p>\u00a0<\/p>\n<p>Fica estabelecida a multa contratual no valor de 2% (dois por cento) por m\u00eas da folha de pagamento, no caso de n\u00e3o cumprimento de qualquer cl\u00e1usula do<\/p>\n<p>presente acordo, que reverter\u00e1 em favor da parte prejudicada.<\/p>\n<p>\u00a0<\/p>\n<p>\u00a0<\/p>\n<p>\u00a0<\/p>\n<p>Renova\u00e7\u00e3o\/Rescis\u00e3o do Instrumento Coletivo<\/p>\n<p>\u00a0<\/p>\n<p>\u00a0<\/p>\n<p>CL\u00c1USULA TRIG\u00c9SIMA PRIMEIRA &#8211; DAS VANTAGENS ANTERIORES:<\/p>\n<p>\u00a0<\/p>\n<p>\u00a0<\/p>\n<p>\u00a0<\/p>\n<p>\u00a0<\/p>\n<p>Constituem direitos adquiridos as vantagens e benef\u00edcios coletivos e ou constantes nas Normas Coletivas anteriores.<\/p>\n<p>\u00a0<\/p>\n<p>\u00a0<\/p>\n<p>\u00a0<\/p>\n<p>\u00a0<\/p>\n<p>VERA LUCIA TELES FRANCA<\/p>\n<p>Presidente<\/p>\n<p>SIND SERV CONS ORDENS FISC PROFIS ENT COL AFINS EST CE<\/p>\n<p>\u00a0<\/p>\n<p>\u00a0<\/p>\n<p>\u00a0<\/p>\n<p>JULIO DUARTE DE OLIVEIRA<\/p>\n<p>Presidente<\/p>\n<p>CONSELHO REGIONAL DE BIBLIOTECONOMIA 3 REGIAO<\/p>\n<p>\u00a0<\/p>\n<p>\u00a0<\/p>\n<p>\u00a0<\/p>\n<p>MARIA CLAUDETE SILVA BARROS<\/p>\n<p>Diretor<\/p>\n<p>CONSELHO REGIONAL DE BIBLIOTECONOMIA 3 REGIAO<\/p>\n<p>\u00a0<\/p>\n<p>\u00a0<\/p>\n<p>ANEXOS<\/p>\n<p>ANEXO I &#8211; ATA APROVA\u00c7\u00c3O ACORDO 2021-2022 DO CRB-3<\/p>\n<p>\u00a0<\/p>\n<p>\u00a0<\/p>\n<p>\u00a0<\/p>\n<p>\u00a0<\/p>\n<p>Anexo (PDF)<\/p>\n<p>\u00a0<\/p>\n<p>\u00a0<\/p>\n<p>\u00a0<\/p>\n<p><p>\u00a0<\/p>\n<\/p>\n<p>A autenticidade deste documento poder\u00e1 ser confirmada na p\u00e1gina do Minist\u00e9rio da Economia na Internet, no endere\u00e7o http:\/\/www.mte.gov.br.<\/p>\n","protected":false},"excerpt":{"rendered":"<p>ACORDO COLETIVO DE TRABALHO 2021\/2022 \u00a0 N\u00daMERO DE REGISTRO NO MTE:\u00a0 \u00a0 \u00a0 \u00a0 \u00a0 CE000815\/2021 DATA DE REGISTRO NO MTE:\u00a0 \u00a0 \u00a0 \u00a0 \u00a0 \u00a0 20\/08\/2021 N\u00daMERO DA SOLICITA\u00c7\u00c3O:\u00a0 \u00a0 \u00a0 \u00a0 \u00a0 \u00a0 \u00a0 MR041041\/2021 N\u00daMERO DO PROCESSO:\u00a0 \u00a0 \u00a0 \u00a0 \u00a0 \u00a0 \u00a0 \u00a0 \u00a014022.111661\/2021-59 DATA DO PROTOCOLO:\u00a0 \u00a0 \u00a0 \u00a0 \u00a0 [&hellip;]<\/p>\n","protected":false},"author":1,"featured_media":0,"comment_status":"open","ping_status":"open","sticky":false,"template":"","format":"standard","meta":{"footnotes":""},"categories":[30],"tags":[],"class_list":["post-418","post","type-post","status-publish","format-standard","hentry","category-acts-2021-2022"],"_links":{"self":[{"href":"https:\/\/sindscoce.org.br\/index.php?rest_route=\/wp\/v2\/posts\/418","targetHints":{"allow":["GET"]}}],"collection":[{"href":"https:\/\/sindscoce.org.br\/index.php?rest_route=\/wp\/v2\/posts"}],"about":[{"href":"https:\/\/sindscoce.org.br\/index.php?rest_route=\/wp\/v2\/types\/post"}],"author":[{"embeddable":true,"href":"https:\/\/sindscoce.org.br\/index.php?rest_route=\/wp\/v2\/users\/1"}],"replies":[{"embeddable":true,"href":"https:\/\/sindscoce.org.br\/index.php?rest_route=%2Fwp%2Fv2%2Fcomments&post=418"}],"version-history":[{"count":0,"href":"https:\/\/sindscoce.org.br\/index.php?rest_route=\/wp\/v2\/posts\/418\/revisions"}],"wp:attachment":[{"href":"https:\/\/sindscoce.org.br\/index.php?rest_route=%2Fwp%2Fv2%2Fmedia&parent=418"}],"wp:term":[{"taxonomy":"category","embeddable":true,"href":"https:\/\/sindscoce.org.br\/index.php?rest_route=%2Fwp%2Fv2%2Fcategories&post=418"},{"taxonomy":"post_tag","embeddable":true,"href":"https:\/\/sindscoce.org.br\/index.php?rest_route=%2Fwp%2Fv2%2Ftags&post=418"}],"curies":[{"name":"wp","href":"https:\/\/api.w.org\/{rel}","templated":true}]}}