{"id":417,"date":"2021-09-15T10:56:10","date_gmt":"2021-09-15T13:56:10","guid":{"rendered":"http:\/\/localhost\/sindscoce.org.br\/novo\/wordpress\/index.php\/2021\/09\/15\/corecon-ce-2021-2022\/"},"modified":"2021-09-15T10:56:10","modified_gmt":"2021-09-15T13:56:10","slug":"corecon-ce-2021-2022","status":"publish","type":"post","link":"https:\/\/sindscoce.org.br\/?p=417","title":{"rendered":"CORECON-CE-2021-2022"},"content":{"rendered":"<p>ACORDO COLETIVO DE TRABALHO 2021\/2022<\/p>\n<p>\u00a0<\/p>\n<p>N\u00daMERO DE REGISTRO NO MTE:\u00a0 \u00a0 \u00a0 \u00a0 \u00a0 \u00a0 CE000711\/2021<\/p>\n<p>DATA DE REGISTRO NO MTE:\u00a0 \u00a0 \u00a0 \u00a0 \u00a0 \u00a0 \u00a0 13\/07\/2021<\/p>\n<p>N\u00daMERO DA SOLICITA\u00c7\u00c3O:\u00a0 \u00a0 \u00a0 \u00a0 \u00a0 \u00a0 \u00a0 \u00a0 MR019344\/2021<\/p>\n<p>N\u00daMERO DO PROCESSO:\u00a0 \u00a0 \u00a0 \u00a0 \u00a0 \u00a0 \u00a0 \u00a0 \u00a0 \u00a013624.102706\/2021-52<\/p>\n<p>DATA DO PROTOCOLO:\u00a0 \u00a0 \u00a0 \u00a0 \u00a0 \u00a0 \u00a0 \u00a0 \u00a0 \u00a0 16\/06\/2021<\/p>\n<p>\u00a0<\/p>\n<p>\u00a0<\/p>\n<p>\u00a0<\/p>\n<p>\u00a0<\/p>\n<p>Confira a autenticidade no endere\u00e7o http:\/\/www3.mte.gov.br\/sistemas\/mediador\/.<\/p>\n<p>\u00a0<\/p>\n<p>\u00a0<\/p>\n<p>SIND SERV CONS ORDENS FISC PROFIS ENT COL AFINS EST CE, CNPJ n. 63.501.639\/0001-70, neste ato representado(a) por seu ;<\/p>\n<p>\u00a0<\/p>\n<p>E<\/p>\n<p>\u00a0<\/p>\n<p>CONSELHO REGIONALDE ECONOMIA DA 8 REGIAO-CE, CNPJ n. 23.490.436\/0001-01, neste ato representado(a) por seu ;<\/p>\n<p>\u00a0<\/p>\n<p>celebram o presente ACORDO COLETIVO DE TRABALHO, estipulando as condi\u00e7\u00f5es de trabalho previstas nas cl\u00e1usulas seguintes:<\/p>\n<p>\u00a0<\/p>\n<p>CL\u00c1USULA PRIMEIRA &#8211; VIG\u00caNCIA E DATA-BASE<\/p>\n<p>\u00a0<\/p>\n<p>As partes fixam a vig\u00eancia do presente Acordo Coletivo de Trabalho no per\u00edodo de 01\u00ba de maio de 2021 a 30 de abril de 2022 e a data-base da categoria em 01\u00ba<\/p>\n<p>de maio.<\/p>\n<p>\u00a0<\/p>\n<p>\u00a0<\/p>\n<p>CL\u00c1USULA SEGUNDA &#8211; ABRANG\u00caNCIA<\/p>\n<p>\u00a0<\/p>\n<p>O presente Acordo Coletivo de Trabalho, aplic\u00e1vel no \u00e2mbito da(s) empresa(s) acordante(s), abranger\u00e1 a(s) categoria(s) SERVIDORES EM CONSELHOS E<\/p>\n<p>ORDENS DE FISCALIZA\u00c7\u00c3O PROFISSIONAL E ENTIDADES COLIGADAS E AFINS , com abrang\u00eancia territorial em CE.<\/p>\n<p>\u00a0<\/p>\n<p>\u00a0<\/p>\n<p>\u00a0<\/p>\n<p>Sal\u00e1rios, Reajustes e Pagamento<\/p>\n<p>\u00a0<\/p>\n<p>Piso Salarial<\/p>\n<p>\u00a0<\/p>\n<p>\u00a0<\/p>\n<p>CL\u00c1USULA TERCEIRA &#8211; SAL\u00c1RIO BASE:<\/p>\n<p>\u00a0<\/p>\n<p>\u00a0<\/p>\n<p>\u00a0<\/p>\n<p>\u00a0<\/p>\n<p>Fica estabelecido que o menor sal\u00e1rio da categoria, n\u00e3o poder\u00e1 ser inferior ao equivalente a R$ 1.396,45 (mil trezentos e noventa e seis reais e quarenta e cinco<\/p>\n<p>centavos), valendo a partir de 1\u00ba de maio de 2021 quando ser\u00e1 reajustado na forma da cl\u00e1usula segunda desse Acordo Coletivo de Trabalho.<\/p>\n<p>\u00a0<\/p>\n<p>\u00a0<\/p>\n<p>\u00a0<\/p>\n<p>Reajustes\/Corre\u00e7\u00f5es Salariais<\/p>\n<p>\u00a0<\/p>\n<p>\u00a0<\/p>\n<p>CL\u00c1USULA QUARTA &#8211; REPOSI\u00c7\u00c3O DE PERDAS SALARIAIS:<\/p>\n<p>\u00a0<\/p>\n<p>\u00a0<\/p>\n<p>\u00a0<\/p>\n<p>\u00a0<\/p>\n<p>Fica garantida, pelo Conselho, a ado\u00e7\u00e3o de pol\u00edtica salarial que assegure a reposi\u00e7\u00e3o das perdas salariais pelo \u00edndice INPC\/IBGE, acumulado no per\u00edodo.<\/p>\n<p>\u00a0<\/p>\n<p>\u00a0<\/p>\n<p>\u00a71\u00ba &#8211; Fica garantido pelo Conselho\/Ordem, o reajuste na ordem de 6,2163% sobre os sal\u00e1rios corrigidos conforme a Cl\u00e1usula de Reposi\u00e7\u00e3o de Perdas Salariais.<\/p>\n<p>\u00a0<\/p>\n<p>\u00a0<\/p>\n<p>\u00a72\u00ba &#8211; Fica garantido que o sal\u00e1rio resultante da corre\u00e7\u00e3o acima n\u00e3o poder\u00e1 ser inferior ao da corre\u00e7\u00e3o dos sal\u00e1rios na forma da lei pertinente \u00e0 Mat\u00e9ria.<\/p>\n<p>\u00a0<\/p>\n<p>\u00a0<\/p>\n<p>\u00a0<\/p>\n<p>Pagamento de Sal\u00e1rio\u00a0 \u00a0 \u00a0 \u00a0Formas e Prazos<\/p>\n<p>\u00a0<\/p>\n<p>\u00a0<\/p>\n<p>CL\u00c1USULA QUINTA &#8211; PAGAMENTO DOS VENCIMENTOS:<\/p>\n<p>\u00a0<\/p>\n<p>\u00a0<\/p>\n<p>\u00a0<\/p>\n<p>\u00a0<\/p>\n<p>O Corecon &#8211; CE efetuar\u00e1 o pagamento do sal\u00e1rio no dia 28 de cada m\u00eas. Caso n\u00e3o efetue o pagamento dos vencimentos em moeda corrente, dever\u00e1<\/p>\n<p>proporcionar aos servidores tempo h\u00e1bil para o recebimento no banco ou posto banc\u00e1rio, dentro da jornada de trabalho, quando esta coincidir com o hor\u00e1rio<\/p>\n<p>banc\u00e1rio, excluindo-se os hor\u00e1rios de descanso e refei\u00e7\u00e3o, garantidas as condi\u00e7\u00f5es mais favor\u00e1veis j\u00e1 praticadas.<\/p>\n<p>\u00a0<\/p>\n<p>\u00a0<\/p>\n<p>\u00a71\u00ba &#8211; Caso o pagamento ocorra por meio de cheque, este dever\u00e1 ser entregue ao servidor no dia 25 de cada m\u00eas, para que possa providenciar o dep\u00f3sito, com a<\/p>\n<p>devida compensa\u00e7\u00e3o at\u00e9 o dia 28.<\/p>\n<p>\u00a0<\/p>\n<p>\u00a0<\/p>\n<p>\u00a0<\/p>\n<p>\u00a0<\/p>\n<p>CL\u00c1USULA SEXTA &#8211; COMPROVANTE DE PAGAMENTO:<\/p>\n<p>O Corecon \u2013 CE fornecer\u00e1 aos seus servidores comprovantes de pagamentos de sal\u00e1rio, formalmente preenchidos discriminando fun\u00e7\u00e3o\/cargo, o valor do sal\u00e1rio<\/p>\n<p>percebido e seus respectivos descontos.<\/p>\n<p>\u00a0<\/p>\n<p>\u00a0<\/p>\n<p>\u00a0<\/p>\n<p>\u00a0<\/p>\n<p>Gratifica\u00e7\u00f5es, Adicionais, Aux\u00edlios e Outros<\/p>\n<p>\u00a0<\/p>\n<p>13\u00ba Sal\u00e1rio<\/p>\n<p>\u00a0<\/p>\n<p>\u00a0<\/p>\n<p>CL\u00c1USULA S\u00c9TIMA &#8211; PAGAMENTO DO 13\u00b0 SAL\u00c1RIO:<\/p>\n<p>\u00a0<\/p>\n<p>\u00a0<\/p>\n<p>\u00a0<\/p>\n<p>\u00a0<\/p>\n<p>O Corecon &#8211; CE pagar\u00e1 d\u00e9cimo terceiro sal\u00e1rio da seguinte forma, 50% (cinquenta por cento) por ocasi\u00e3o das f\u00e9rias do servidor ou at\u00e9 o dia 10 de julho e o<\/p>\n<p>restante at\u00e9 o dia 20 de dezembro do ano em curso.<\/p>\n<p>\u00a0<\/p>\n<p>\u00a0<\/p>\n<p>\u00a0<\/p>\n<p>Gratifica\u00e7\u00e3o de Fun\u00e7\u00e3o<\/p>\n<p>\u00a0<\/p>\n<p>\u00a0<\/p>\n<p>CL\u00c1USULA OITAVA &#8211; GRATIFICA\u00c7\u00c3O POR SUBSTITUI\u00c7\u00c3O\/ACUMULO DE FUN\u00c7\u00d5ES:<\/p>\n<p>\u00a0<\/p>\n<p>\u00a0<\/p>\n<p>\u00a0<\/p>\n<p>\u00a0<\/p>\n<p>O servidor substituto perceber\u00e1 uma gratifica\u00e7\u00e3o no valor de 50% (cinquenta por cento) do sal\u00e1rio bruto do substitu\u00eddo, devendo haver entendimento anterior ao<\/p>\n<p>in\u00edcio das atividades entre o servidor substituto e a Diretoria do Conselho, ocasi\u00e3o em que ser\u00e3o minuciosamente estabelecidos os termos para a efetiva<\/p>\n<p>substitui\u00e7\u00e3o.<\/p>\n<p>\u00a0<\/p>\n<p>\u00a0<\/p>\n<p>O funcion\u00e1rio que acumular fun\u00e7\u00f5es por motivo de afastamento por no m\u00ednimo de 7 (sete) dias efetivamente trabalhados e consecutivos, ser\u00e1 garantido ao<\/p>\n<p>substituto o pagamento de 100% (cem por cento) do sal\u00e1rio bruto do substitu\u00eddo a t\u00edtulo de gratifica\u00e7\u00e3o, observando-se a proporcionalidade do tempo de acumulo<\/p>\n<p>de fun\u00e7\u00f5es que n\u00e3o poder\u00e1 exceder a 6 (seis) meses consecutivos<\/p>\n<p>\u00a0<\/p>\n<p>\u00a0<\/p>\n<p>\u00a0<\/p>\n<p>Outras Gratifica\u00e7\u00f5es<\/p>\n<p>\u00a0<\/p>\n<p>\u00a0<\/p>\n<p>CL\u00c1USULA NONA &#8211; GRATIFICA\u00c7\u00c3O POR T\u00cdTULOS:<\/p>\n<p>\u00a0<\/p>\n<p>\u00a0<\/p>\n<p>\u00a0<\/p>\n<p>\u00a0<\/p>\n<p>Fica concedida ao servidor\/funcion\u00e1rio gratifica\u00e7\u00e3o por T\u00edtulos expedidos por Universidades ou Faculdades, devidamente reconhecidas pelo MEC, que tenham<\/p>\n<p>correla\u00e7\u00e3o com as atividades desempenhadas no respectivo Conselho\/Ordem, nos seguintes termos: P\u00f3s-Gradua\u00e7\u00e3o \u2013 20%; Mestrado \u2013 40%; Doutorado \u2013 60%.<\/p>\n<p>\u00a0<\/p>\n<p>\u00a0<\/p>\n<p>a)\u00a0 \u00a0A referida gratifica\u00e7\u00e3o ser\u00e1 devida aos ocupantes de cargos ou fun\u00e7\u00f5es que tenham correla\u00e7\u00e3o com o curso e atividade desempenhada pelo servidor;<\/p>\n<p>\u00a0<\/p>\n<p>\u00a0<\/p>\n<p>b)\u00a0 \u00a0As gratifica\u00e7\u00f5es previstas nesta Cl\u00e1usula ser\u00e3o devidas de forma individualizada, e sobre o sal\u00e1rio percebido pelo servidor, sendo defeso o pagamento de<\/p>\n<p>mais de uma gratifica\u00e7\u00e3o por titula\u00e7\u00e3o ao mesmo tempo;<\/p>\n<p>\u00a0<\/p>\n<p>\u00a0<\/p>\n<p>\u00a0<\/p>\n<p>Adicional de Hora-Extra<\/p>\n<p>\u00a0<\/p>\n<p>\u00a0<\/p>\n<p>CL\u00c1USULA D\u00c9CIMA &#8211; HORAS EXTRAORDIN\u00c1RIAS:<\/p>\n<p>\u00a0<\/p>\n<p>\u00a0<\/p>\n<p>\u00a0<\/p>\n<p>\u00a0<\/p>\n<p>Fica garantido o pagamento das horas extras trabalhadas efetivamente ap\u00f3s a jornada estabelecida nesse Acordo Coletivo, n\u00e3o podendo exceder a 2 (duas)<\/p>\n<p>horas suplementares \u00e0 dura\u00e7\u00e3o di\u00e1ria de trabalho, devendo ser remunerada com adicional de 50%(cinquenta por cento) de acr\u00e9scimo em dias \u00fateis e 100%(cem<\/p>\n<p>por cento) de acr\u00e9scimo aos s\u00e1bados, domingos e feriados. As horas extras trabalhadas somente ser\u00e3o validadas quando devidamente autorizadas pela Diretoria<\/p>\n<p>do CORECON-CE com documento assinado pelas partes.<\/p>\n<p>\u00a0<\/p>\n<p>\u00a0<\/p>\n<p>\u00a7 1\u00b0. Fica estabelecida a possibilidade de converter todo o per\u00edodo extra em horas de folga, devendo haver m\u00fatuo consentimento entre os servidores e a Dire\u00e7\u00e3o<\/p>\n<p>do CORECON-CE, inclusive para o gozo das referidas horas.<\/p>\n<p>\u00a0<\/p>\n<p>\u00a0<\/p>\n<p>\u00a72\u00b0. O controle das horas extras trabalhadas ser\u00e1 realizado da seguinte forma: as ocorr\u00eancias de cada m\u00eas ser\u00e3o apreciadas pela Diretoria at\u00e9 o 10\u00ba (d\u00e9cimo) dia<\/p>\n<p>do m\u00eas subsequente para delibera\u00e7\u00e3o da mesma.<\/p>\n<p>\u00a0<\/p>\n<p>\u00a0<\/p>\n<p>\u00a0<\/p>\n<p>Adicional de Tempo de Servi\u00e7o<\/p>\n<p>\u00a0<\/p>\n<p>\u00a0<\/p>\n<p>CL\u00c1USULA D\u00c9CIMA PRIMEIRA &#8211; EST\u00cdMULO AO TRABALHO E A FIDELIDADE:<\/p>\n<p>O Conselho conceder\u00e1 aos seus servidores, a t\u00edtulo de est\u00edmulos, adicional de sal\u00e1rios \u00e0 raz\u00e3o de 1% (um por cento) para cada ano de servi\u00e7o prestado<\/p>\n<p>resguardando as condi\u00e7\u00f5es mais favor\u00e1veis j\u00e1 praticadas.<\/p>\n<p>\u00a0<\/p>\n<p>\u00a0<\/p>\n<p>\u00a0<\/p>\n<p>Aux\u00edlio Alimenta\u00e7\u00e3o<\/p>\n<p>\u00a0<\/p>\n<p>\u00a0<\/p>\n<p>CL\u00c1USULA D\u00c9CIMA SEGUNDA &#8211; AUX\u00cdLIO ALIMENTA\u00c7\u00c3O:<\/p>\n<p>\u00a0<\/p>\n<p>\u00a0<\/p>\n<p>\u00a0<\/p>\n<p>\u00a0<\/p>\n<p>O Corecon \u2013 CE fornecer\u00e1, aos servidores, aux\u00edlio alimenta\u00e7\u00e3o, com valor mensal de R$ 444,38 (quatrocentos e quarenta e quatro reais e trinta e oito centavos),<\/p>\n<p>havendo R$ 1,00 (um real) de desconto.<\/p>\n<p>\u00a0<\/p>\n<p>\u00a0<\/p>\n<p>\u00a7 1\u00ba. O aux\u00edlio alimenta\u00e7\u00e3o ser\u00e1 pago por meio de cart\u00e3o espec\u00edfico para este fim, nos prazos m\u00ednimos legais, independente de per\u00edodos de f\u00e9rias, licen\u00e7as-<\/p>\n<p>m\u00e9dicas at\u00e9 15 (quinze) dias consecutivos.<\/p>\n<p>\u00a0<\/p>\n<p>\u00a0<\/p>\n<p>\u00a0<\/p>\n<p>Aux\u00edlio Transporte<\/p>\n<p>\u00a0<\/p>\n<p>\u00a0<\/p>\n<p>CL\u00c1USULA D\u00c9CIMA TERCEIRA &#8211; DO DESCONTO DO VALE TRANSPORTE:<\/p>\n<p>\u00a0<\/p>\n<p>\u00a0<\/p>\n<p>\u00a0<\/p>\n<p>\u00a0<\/p>\n<p>O Corecon \u2013 CE descontar\u00e1 o percentual de 3,0% (tr\u00eas por cento) sobre o sal\u00e1rio do servidor.<\/p>\n<p>\u00a0<\/p>\n<p>\u00a0<\/p>\n<p>\u00a0<\/p>\n<p>Aux\u00edlio Sa\u00fade<\/p>\n<p>\u00a0<\/p>\n<p>\u00a0<\/p>\n<p>CL\u00c1USULA D\u00c9CIMA QUARTA &#8211; ASSIST\u00caNCIA M\u00c9DICA E SEGURIDADE SOCIAL:<\/p>\n<p>\u00a0<\/p>\n<p>\u00a0<\/p>\n<p>\u00a0<\/p>\n<p>\u00a0<\/p>\n<p>O Corecon \u2013 CE fornecer\u00e1 assist\u00eancia m\u00e9dica, apenas a seus servidores, pagando o equivalente a 50% do plano de sa\u00fade, a ser escolhido e acordado<\/p>\n<p>juntamente com a diretoria do Corecon \u2013 Ce.<\/p>\n<p>\u00a0<\/p>\n<p>\u00a0<\/p>\n<p>\u00a0<\/p>\n<p>\u00a0<\/p>\n<p>Rela\u00e7\u00f5es de Trabalho\u00a0 \u00a0 \u00a0 Condi\u00e7\u00f5es de Trabalho, Normas de Pessoal e Estabilidades<\/p>\n<p>\u00a0<\/p>\n<p>Outras estabilidades<\/p>\n<p>\u00a0<\/p>\n<p>\u00a0<\/p>\n<p>CL\u00c1USULA D\u00c9CIMA QUINTA &#8211; ESTABILIDADE NO PROCESSO ELEITORAL:<\/p>\n<p>\u00a0<\/p>\n<p>\u00a0<\/p>\n<p>\u00a0<\/p>\n<p>\u00a0<\/p>\n<p>\u00c9 vetada a dispensa de servidores no per\u00edodo compreendido entre os 3 (tr\u00eas) meses que antecedem as elei\u00e7\u00f5es de qualquer dos cargos diretivos do Corecon &#8211;<\/p>\n<p>Ce e at\u00e9 3 (tr\u00eas) meses sucessivos \u00e0 posse nestes mesmos cargos.<\/p>\n<p>\u00a0<\/p>\n<p>\u00a0<\/p>\n<p>\u00a0<\/p>\n<p>\u00a0<\/p>\n<p>Jornada de Trabalho\u00a0 \u00a0 \u00a0 Dura\u00e7\u00e3o, Distribui\u00e7\u00e3o, Controle, Faltas<\/p>\n<p>\u00a0<\/p>\n<p>Intervalos para Descanso<\/p>\n<p>\u00a0<\/p>\n<p>\u00a0<\/p>\n<p>CL\u00c1USULA D\u00c9CIMA SEXTA &#8211; DO INTERVALO INTRAJORNADA<\/p>\n<p>\u00a0<\/p>\n<p>\u00a0<\/p>\n<p>\u00a0<\/p>\n<p>\u00a0<\/p>\n<p>O intervalo intrajornada ser\u00e1 reduzido para 30 minutos, nos termos do art. 611-A, III da CLT, desde que haja interesse no empregado.<\/p>\n<p>\u00a0<\/p>\n<p>\u00a0<\/p>\n<p>\u00a0<\/p>\n<p>\u00a0<\/p>\n<p>F\u00e9rias e Licen\u00e7as<\/p>\n<p>\u00a0<\/p>\n<p>Licen\u00e7a Maternidade<\/p>\n<p>\u00a0<\/p>\n<p>\u00a0<\/p>\n<p>CL\u00c1USULA D\u00c9CIMA S\u00c9TIMA &#8211; LICEN\u00c7A MATERNIDADE E\/OU ADO\u00c7\u00c3O:<\/p>\n<p>O Corecon \u2013 CE garantir\u00e1 \u00e0s servidoras, que entrarem em licen\u00e7a-maternidade e\/ou ado\u00e7\u00e3o, 180 (cento e oitenta) dias.<\/p>\n<p>\u00a0<\/p>\n<p>\u00a0<\/p>\n<p>\u00a0<\/p>\n<p>Outras disposi\u00e7\u00f5es sobre f\u00e9rias e licen\u00e7as<\/p>\n<p>\u00a0<\/p>\n<p>\u00a0<\/p>\n<p>CL\u00c1USULA D\u00c9CIMA OITAVA &#8211; LICEN\u00c7A PARA EXAME PR\u00c9-NATAL:<\/p>\n<p>\u00a0<\/p>\n<p>\u00a0<\/p>\n<p>\u00a0<\/p>\n<p>\u00a0<\/p>\n<p>O Conselho liberar\u00e1 do expediente, sem preju\u00edzo da remunera\u00e7\u00e3o, as servidoras que tiverem de se submeter a exame pr\u00e9-natal, desde que a necessidade do<\/p>\n<p>exame seja reconhecida por profissional m\u00e9dico devidamente habilitado, ficando a escolha a crit\u00e9rio da gestante.<\/p>\n<p>\u00a0<\/p>\n<p>\u00a0<\/p>\n<p>\u00a0<\/p>\n<p>\u00a0<\/p>\n<p>CL\u00c1USULA D\u00c9CIMA NONA &#8211; LICEN\u00c7A PATERNIDADE\/N\u00daPCIAS:<\/p>\n<p>\u00a0<\/p>\n<p>\u00a0<\/p>\n<p>\u00a0<\/p>\n<p>\u00a0<\/p>\n<p>O Corecon &#8211; CE conceder\u00e1 licen\u00e7a de 10 (dez) dias \u00fateis aos servidores, a contar da data de nascimento de seus filhos e\/ou do casamento, preservadas as<\/p>\n<p>condi\u00e7\u00f5es mais favor\u00e1veis j\u00e1 praticadas.<\/p>\n<p>\u00a0<\/p>\n<p>\u00a0<\/p>\n<p>\u00a0<\/p>\n<p>\u00a0<\/p>\n<p>Sa\u00fade e Seguran\u00e7a do Trabalhador<\/p>\n<p>\u00a0<\/p>\n<p>Exames M\u00e9dicos<\/p>\n<p>\u00a0<\/p>\n<p>\u00a0<\/p>\n<p>CL\u00c1USULA VIG\u00c9SIMA &#8211; EXAME M\u00c9DICO:<\/p>\n<p>\u00a0<\/p>\n<p>\u00a0<\/p>\n<p>\u00a0<\/p>\n<p>\u00a0<\/p>\n<p>No ato da admiss\u00e3o, ser\u00e1 efetuado exame m\u00e9dico (ASO \u2013 Atestado de Sa\u00fade Ocupacional) patrocinado pelo Corecon \u2013 CE, para aferi\u00e7\u00e3o do estado de sa\u00fade do<\/p>\n<p>servidor, para que se previnam de doen\u00e7as em geral.<\/p>\n<p>\u00a0<\/p>\n<p>\u00a0<\/p>\n<p>\u00a71\u00ba Os trabalhadores maiores de 45 (quarenta e cinco) anos realizar\u00e3o o exame anualmente e aqueles entre 18 (dezoito) anos e 45 (quarenta e cinco) anos, uma<\/p>\n<p>vez a cada dois anos de acordo com a Norma Regulamentadora 7 (PCMSO).<\/p>\n<p>\u00a0<\/p>\n<p>\u00a0<\/p>\n<p>\u00a72\u00ba Caso a Autarquia Federal conceda o Plano de Sa\u00fade aos servidores, o mesmo ser\u00e1 efetuado pelo plano.<\/p>\n<p>\u00a0<\/p>\n<p>\u00a0<\/p>\n<p>\u00a0<\/p>\n<p>\u00a0<\/p>\n<p>Rela\u00e7\u00f5es Sindicais<\/p>\n<p>\u00a0<\/p>\n<p>Sindicaliza\u00e7\u00e3o (campanhas e contrata\u00e7\u00e3o de sindicalizados)<\/p>\n<p>\u00a0<\/p>\n<p>\u00a0<\/p>\n<p>CL\u00c1USULA VIG\u00c9SIMA PRIMEIRA &#8211; UTILIZA\u00c7\u00c3O DE QUADRO DE AVISOS:<\/p>\n<p>\u00a0<\/p>\n<p>\u00a0<\/p>\n<p>\u00a0<\/p>\n<p>\u00a0<\/p>\n<p>O Corecon \u2013 CE disponibilizar\u00e1 ao SINDSCOCE, a utiliza\u00e7\u00e3o de quadro de avisos para a fixa\u00e7\u00e3o de comunicados, informa\u00e7\u00f5es e convocat\u00f3rias.<\/p>\n<p>\u00a0<\/p>\n<p>\u00a0<\/p>\n<p>\u00a0<\/p>\n<p>Acesso do Sindicato ao Local de Trabalho<\/p>\n<p>\u00a0<\/p>\n<p>\u00a0<\/p>\n<p>CL\u00c1USULA VIG\u00c9SIMA SEGUNDA &#8211; ENTRADAS DE DIRETORES SINDICAIS NO RECINTO DE TRABALHO:<\/p>\n<p>\u00a0<\/p>\n<p>\u00a0<\/p>\n<p>\u00a0<\/p>\n<p>\u00a0<\/p>\n<p>Sempre que se fizer necess\u00e1rio, os diretores do SINDSCOCE ou pessoas por ele credenciadas ter\u00e3o livre acesso ao recinto de trabalho para distribui\u00e7\u00e3o de<\/p>\n<p>boletins, convocat\u00f3rios e para efetuar sindicaliza\u00e7\u00f5es.<\/p>\n<p>\u00a0<\/p>\n<p>\u00a0<\/p>\n<p>\u00a0<\/p>\n<p>Representante Sindical<\/p>\n<p>\u00a0<\/p>\n<p>\u00a0<\/p>\n<p>CL\u00c1USULA VIG\u00c9SIMA TERCEIRA &#8211; REPRESENTA\u00c7\u00c3O NO LOCAL DE TRABALHO:<\/p>\n<p>\u00a0<\/p>\n<p>\u00a0<\/p>\n<p>\u00a0<\/p>\n<p>\u00a0<\/p>\n<p>Os servidores eleger\u00e3o entre si seus representantes no \u00e2mbito do local de trabalho e o SINDSCOCE os credenciar\u00e1 para tratarem as quest\u00f5es relativas ao<\/p>\n<p>trabalho em geral e seus desdobramentos em rela\u00e7\u00e3o ao cumprimento de Leis, Conven\u00e7\u00e3o, etc. e quaisquer outras quest\u00f5es derivadas das rela\u00e7\u00f5es de trabalho,<\/p>\n<p>sem repres\u00e1lias.<\/p>\n<p>\u00a0<\/p>\n<p>\u00a0<\/p>\n<p>\u00a0<\/p>\n<p>Libera\u00e7\u00e3o de Empregados para Atividades Sindicais<\/p>\n<p>\u00a0<\/p>\n<p>\u00a0<\/p>\n<p>CL\u00c1USULA VIG\u00c9SIMA QUARTA &#8211; LICEN\u00c7A AO ASSOCIADO DO SINDSCOCE:<\/p>\n<p>\u00a0<\/p>\n<p>\u00a0<\/p>\n<p>\u00a0<\/p>\n<p>\u00a0<\/p>\n<p>Fica garantida ao servidor sindicalizado, licen\u00e7a remunerada para sua participa\u00e7\u00e3o, mediante convoca\u00e7\u00e3o, de cursos, semin\u00e1rios, congressos, etc. promovidos<\/p>\n<p>pelo SINDSCOCE e\/ou pela FENASERA &#8211; Federa\u00e7\u00e3o Nacional dos Servidores das Autarquias de Fiscaliza\u00e7\u00e3o do Exerc\u00edcio Profissional, por per\u00edodo de at\u00e9 05<\/p>\n<p>dias \u00fateis, apresentando relat\u00f3rio de participa\u00e7\u00e3o e certificado ao Corecon \u2013 CE.<\/p>\n<p>\u00a0<\/p>\n<p>\u00a0<\/p>\n<p>\u00a0<\/p>\n<p>Acesso a Informa\u00e7\u00f5es da Empresa<\/p>\n<p>\u00a0<\/p>\n<p>\u00a0<\/p>\n<p>CL\u00c1USULA VIG\u00c9SIMA QUINTA &#8211; CADASTRO GERAL DE SERVIDORES:<\/p>\n<p>\u00a0<\/p>\n<p>\u00a0<\/p>\n<p>\u00a0<\/p>\n<p>\u00a0<\/p>\n<p>O Corecon \u2013 CE fornecer\u00e1 ao SINDSCOCE, anualmente e\/ou sempre que houver admiss\u00e3o e\/ou demiss\u00e3o, rela\u00e7\u00e3o nominal de todos os servidores por cargo e<\/p>\n<p>local de trabalho.<\/p>\n<p>\u00a0<\/p>\n<p>\u00a0<\/p>\n<p>\u00a0<\/p>\n<p>Contribui\u00e7\u00f5es Sindicais<\/p>\n<p>\u00a0<\/p>\n<p>\u00a0<\/p>\n<p>CL\u00c1USULA VIG\u00c9SIMA SEXTA &#8211; DESCONTO ASSISTENCIAL SINDICAL \/ LABORAL:<\/p>\n<p>\u00a0<\/p>\n<p>\u00a0<\/p>\n<p>\u00a0<\/p>\n<p>\u00a0<\/p>\n<p>O recolhimento da Contribui\u00e7\u00e3o Assistencial, decorrente do presente ACORDO, ser\u00e1 efetuado \u00e0 conta banc\u00e1ria do SINDSCOCE, da seguinte forma: a) Desconto<\/p>\n<p>de 1 dia sobre o sal\u00e1rio\u2013base dos servidores n\u00e3o sindicalizados, em uma \u00fanica vez, na folha de pagamento do m\u00eas do acordo b) Desconto de 1% (hum por cento)<\/p>\n<p>sobre sal\u00e1rio-base dos servidores sindicalizados, em uma \u00fanica vez, na folha de pagamento do m\u00eas do acordo.<\/p>\n<p>\u00a0<\/p>\n<p>\u00a0<\/p>\n<p>Par\u00e1grafo \u00danico: O atraso no repasse dos recursos da Contribui\u00e7\u00e3o Assistencial acarretar\u00e1 uma multa de 10% (dez por cento) e a corre\u00e7\u00e3o monet\u00e1ria<\/p>\n<p>pelo IPC\/FGV do respectivo per\u00edodo de atraso, acrescido de juros de mora no valor de 1%(hum por cento) para cada m\u00eas de atraso subsequente<\/p>\n<p>\u00a0<\/p>\n<p>\u00a0<\/p>\n<p>\u00a0<\/p>\n<p>Outras disposi\u00e7\u00f5es sobre rela\u00e7\u00e3o entre sindicato e empresa<\/p>\n<p>\u00a0<\/p>\n<p>\u00a0<\/p>\n<p>CL\u00c1USULA VIG\u00c9SIMA S\u00c9TIMA &#8211; DIA DA CATEGORIA:<\/p>\n<p>\u00a0<\/p>\n<p>\u00a0<\/p>\n<p>\u00a0<\/p>\n<p>\u00a0<\/p>\n<p>Fica assegurado aos servidores o dia 28 (vinte e oito) de outubro, como dia da respectiva categoria profissional. No referido dia dispensado do trabalho, se por<\/p>\n<p>necessidade de servi\u00e7o forem convocados a trabalhar, receber\u00e3o o sal\u00e1rio desse dia como hora extra, de acordo com a cl\u00e1usula sexta deste Acordo Coletivo de<\/p>\n<p>Trabalho.<\/p>\n<p>\u00a0<\/p>\n<p>\u00a0<\/p>\n<p>\u00a0<\/p>\n<p>\u00a0<\/p>\n<p>Disposi\u00e7\u00f5es Gerais<\/p>\n<p>\u00a0<\/p>\n<p>Mecanismos de Solu\u00e7\u00e3o de Conflitos<\/p>\n<p>\u00a0<\/p>\n<p>\u00a0<\/p>\n<p>CL\u00c1USULA VIG\u00c9SIMA OITAVA &#8211; DOS CASOS OMISSOS:<\/p>\n<p>\u00a0<\/p>\n<p>\u00a0<\/p>\n<p>\u00a0<\/p>\n<p>\u00a0<\/p>\n<p>Os assuntos n\u00e3o previstos em lei e no Acordo Coletivo de Trabalho dever\u00e3o ser acordados entre o Conselho e o Sindicato dos Servidores em Conselhos e<\/p>\n<p>Ordens de Fiscaliza\u00e7\u00e3o Profissional e Entidades Coligadas e Afins do Estado do Cear\u00e1 \u2013 SINDSCOCE.<\/p>\n<p>\u00a0<\/p>\n<p>\u00a0<\/p>\n<p>\u00a0<\/p>\n<p>Aplica\u00e7\u00e3o do Instrumento Coletivo<\/p>\n<p>\u00a0<\/p>\n<p>\u00a0<\/p>\n<p>CL\u00c1USULA VIG\u00c9SIMA NONA &#8211; HOMOLOGA\u00c7\u00c3O:<\/p>\n<p>\u00a0<\/p>\n<p>\u00a0<\/p>\n<p>\u00a0<\/p>\n<p>\u00a0<\/p>\n<p>O presente acordo ter\u00e1 vig\u00eancia de 1\u00ba (primeiro) de maio de 2021 e t\u00e9rmino em 30 (trinta) de abril de 2022. As partes se comprometem a requerer a homologa\u00e7\u00e3o<\/p>\n<p>perante as autoridades competentes e em especial \u00e0 SUPERINTEND\u00caNCIA REGIONAL DO TRABALHO\/SERET, onde tramita o processo de Negocia\u00e7\u00e3o<\/p>\n<p>Coletiva de Trabalho entre o SINDSCOCE e os CONSELHOS\/ORDENS, inclusive com o devido envio atrav\u00e9s do Sistema Mediador do Minist\u00e9rio do Trabalho.<\/p>\n<p>Fica eleito como competente, o foro central da COMARCA desta Capital, para nele serem dirimidas quaisquer d\u00favidas ou quest\u00f5es, resultantes deste contrato,<\/p>\n<p>renunciando-se a qualquer outro por mais privilegiado que seja. E por estarem justos e contratados assinam o presente contrato em (02) duas vias de igual teor e<\/p>\n<p>forma na presen\u00e7a das testemunhas abaixo assinadas.<\/p>\n<p>\u00a0<\/p>\n<p>\u00a0<\/p>\n<p>\u00a0<\/p>\n<p>Renova\u00e7\u00e3o\/Rescis\u00e3o do Instrumento Coletivo<\/p>\n<p>\u00a0<\/p>\n<p>\u00a0<\/p>\n<p>CL\u00c1USULA TRIG\u00c9SIMA &#8211; DAS VANTAGENS ANTERIORES:<\/p>\n<p>\u00a0<\/p>\n<p>\u00a0<\/p>\n<p>\u00a0<\/p>\n<p>\u00a0<\/p>\n<p>Constituem direitos adquiridos as vantagens e benef\u00edcios coletivos e ou constantes nas normas coletivas anteriores.<\/p>\n<p>\u00a0<\/p>\n<p>\u00a0<\/p>\n<p>\u00a0<\/p>\n<p>\u00a0<\/p>\n<p>VERA LUCIA TELES FRANCA<\/p>\n<p>Presidente<\/p>\n<p>SIND SERV CONS ORDENS FISC PROFIS ENT COL AFINS EST CE<\/p>\n<p>\u00a0<\/p>\n<p>\u00a0<\/p>\n<p>\u00a0<\/p>\n<p>RICARDO AQUINO COIMBRA<\/p>\n<p>Presidente<\/p>\n<p>CONSELHO REGIONALDE ECONOMIA DA 8 REGIAO-CE<\/p>\n<p>\u00a0<\/p>\n<p>\u00a0<\/p>\n<p>ANEXOS<\/p>\n<p>ANEXO I &#8211; ATA APROVA\u00c7\u00c3O ACORDO 2021-2022<\/p>\n<p>\u00a0<\/p>\n<p>\u00a0<\/p>\n<p>\u00a0<\/p>\n<p>\u00a0<\/p>\n<p>Anexo (PDF)<\/p>\n<p>\u00a0<\/p>\n<p>\u00a0<\/p>\n<p>\u00a0<\/p>\n<p><p>\u00a0<\/p>\n<\/p>\n<p>A autenticidade deste documento poder\u00e1 ser confirmada na p\u00e1gina do Minist\u00e9rio da Economia na Internet, no endere\u00e7o http:\/\/www.mte.gov.br.<\/p>\n","protected":false},"excerpt":{"rendered":"<p>ACORDO COLETIVO DE TRABALHO 2021\/2022 \u00a0 N\u00daMERO DE REGISTRO NO MTE:\u00a0 \u00a0 \u00a0 \u00a0 \u00a0 \u00a0 CE000711\/2021 DATA DE REGISTRO NO MTE:\u00a0 \u00a0 \u00a0 \u00a0 \u00a0 \u00a0 \u00a0 13\/07\/2021 N\u00daMERO DA SOLICITA\u00c7\u00c3O:\u00a0 \u00a0 \u00a0 \u00a0 \u00a0 \u00a0 \u00a0 \u00a0 MR019344\/2021 N\u00daMERO DO PROCESSO:\u00a0 \u00a0 \u00a0 \u00a0 \u00a0 \u00a0 \u00a0 \u00a0 \u00a0 \u00a013624.102706\/2021-52 DATA DO PROTOCOLO:\u00a0 [&hellip;]<\/p>\n","protected":false},"author":1,"featured_media":0,"comment_status":"open","ping_status":"open","sticky":false,"template":"","format":"standard","meta":{"footnotes":""},"categories":[30],"tags":[],"class_list":["post-417","post","type-post","status-publish","format-standard","hentry","category-acts-2021-2022"],"_links":{"self":[{"href":"https:\/\/sindscoce.org.br\/index.php?rest_route=\/wp\/v2\/posts\/417","targetHints":{"allow":["GET"]}}],"collection":[{"href":"https:\/\/sindscoce.org.br\/index.php?rest_route=\/wp\/v2\/posts"}],"about":[{"href":"https:\/\/sindscoce.org.br\/index.php?rest_route=\/wp\/v2\/types\/post"}],"author":[{"embeddable":true,"href":"https:\/\/sindscoce.org.br\/index.php?rest_route=\/wp\/v2\/users\/1"}],"replies":[{"embeddable":true,"href":"https:\/\/sindscoce.org.br\/index.php?rest_route=%2Fwp%2Fv2%2Fcomments&post=417"}],"version-history":[{"count":0,"href":"https:\/\/sindscoce.org.br\/index.php?rest_route=\/wp\/v2\/posts\/417\/revisions"}],"wp:attachment":[{"href":"https:\/\/sindscoce.org.br\/index.php?rest_route=%2Fwp%2Fv2%2Fmedia&parent=417"}],"wp:term":[{"taxonomy":"category","embeddable":true,"href":"https:\/\/sindscoce.org.br\/index.php?rest_route=%2Fwp%2Fv2%2Fcategories&post=417"},{"taxonomy":"post_tag","embeddable":true,"href":"https:\/\/sindscoce.org.br\/index.php?rest_route=%2Fwp%2Fv2%2Ftags&post=417"}],"curies":[{"name":"wp","href":"https:\/\/api.w.org\/{rel}","templated":true}]}}